{"id":4357,"date":"2019-11-26T17:35:24","date_gmt":"2019-11-26T17:35:24","guid":{"rendered":"https:\/\/soniaperezolmedillo.com\/?p=4357"},"modified":"2026-07-04T21:25:47","modified_gmt":"2026-07-04T21:25:47","slug":"els-esbarzers-tenen-punxes","status":"publish","type":"post","link":"https:\/\/soniaperezolmedillo.com\/index.php\/2019\/11\/26\/els-esbarzers-tenen-punxes\/","title":{"rendered":"Els esbarzers tenen punxes \/ N\u00favol"},"content":{"rendered":"<p>[vc_row][vc_column][vc_column_text]<strong>Oriol Osan. N\u00daVOL.<\/strong>[\/vc_column_text][vc_column_text]Potent\u00edssim debut a Barcelona de la companyia madrilenya\u00a0Teatro de la Riada. I potent\u00edssima estrena a tot l\u2019Estat de l\u2019obra que han escollit per a donar-se a con\u00e8ixer:\u00a0<em>El contrato<\/em>, de la tamb\u00e9 madrilenya i completament desconeguda dramaturga\u00a0Carmen Resino. Escrit en un lluny\u00e0 1973, aquest text feminista ha rom\u00e0s amagat en un calaix quatre d\u00e8cades, fins que ara l\u2019han desempolsegat perqu\u00e8 les seves paraules ressonin amb tota la seva for\u00e7a. L\u2019\u00c0tic 22 del\u00a0Tantarantana\u00a0\u00e9s qui l\u2019ha acollit durant dues setmanes.<br \/>\n[\/vc_column_text][vc_empty_space]<a itemprop=\"url\" href=\"https:\/\/www.nuvol.com\/teatre-i-dansa\/els-esbarzers-tenen-punxes-70181\" target=\"_blank\" style=\"color: #41d9bd;font-weight: 600\" class=\"eltdf-btn eltdf-btn-medium eltdf-btn-simple eltdf-btn-custom-hover-color\" data-hover-color=\"#41d9bd\" >\n    <span class=\"eltdf-btn-background\" ><\/span>\n    <span class=\"eltdf-btn-text\">\n    \t<span class=\"eltdf-btn-text-plus\">\n    \t<svg version=\"1.1\" xmlns=\"http:\/\/www.w3.org\/2000\/svg\" xmlns:xlink=\"http:\/\/www.w3.org\/1999\/xlink\" x=\"0px\" y=\"0px\"\nwidth=\"9.188px\" height=\"9.203px\" viewBox=\"0 0 9.188 9.203\" enable-background=\"new 0 0 9.188 9.203\" xml:space=\"preserve\">\n<line stroke=\"#000000\" stroke-miterlimit=\"10\" x1=\"4.609\" y1=\"0.125\" x2=\"4.609\" y2=\"9.125\"\/>\n<line stroke=\"#000000\" stroke-miterlimit=\"10\" x1=\"0.109\" y1=\"4.625\" x2=\"9.109\" y2=\"4.625\"\/>\n<\/svg>\n    <\/span>LEER M\u00c1S<\/span>\n    <\/a>[\/vc_column][\/vc_row]<\/p>\n","protected":false},"excerpt":{"rendered":"<p>[vc_row][vc_column][vc_column_text]Oriol Osan. N\u00daVOL.[\/vc_column_text][vc_column_text]Potent\u00edssim debut a Barcelona de la companyia madrilenya\u00a0Teatro de la Riada. I potent\u00edssima estrena a tot l\u2019Estat de l\u2019obra que han escollit per a donar-se a con\u00e8ixer:\u00a0El contrato, de la tamb\u00e9 madrilenya i completament desconeguda dramaturga\u00a0Carmen Resino. Escrit [&hellip;]<\/p>\n","protected":false},"author":1,"featured_media":0,"comment_status":"open","ping_status":"open","sticky":false,"template":"","format":"standard","meta":[],"categories":[115],"tags":[],"_links":{"self":[{"href":"https:\/\/soniaperezolmedillo.com\/index.php\/wp-json\/wp\/v2\/posts\/4357"}],"collection":[{"href":"https:\/\/soniaperezolmedillo.com\/index.php\/wp-json\/wp\/v2\/posts"}],"about":[{"href":"https:\/\/soniaperezolmedillo.com\/index.php\/wp-json\/wp\/v2\/types\/post"}],"author":[{"embeddable":true,"href":"https:\/\/soniaperezolmedillo.com\/index.php\/wp-json\/wp\/v2\/users\/1"}],"replies":[{"embeddable":true,"href":"https:\/\/soniaperezolmedillo.com\/index.php\/wp-json\/wp\/v2\/comments?post=4357"}],"version-history":[{"count":7,"href":"https:\/\/soniaperezolmedillo.com\/index.php\/wp-json\/wp\/v2\/posts\/4357\/revisions"}],"predecessor-version":[{"id":4906,"href":"https:\/\/soniaperezolmedillo.com\/index.php\/wp-json\/wp\/v2\/posts\/4357\/revisions\/4906"}],"wp:attachment":[{"href":"https:\/\/soniaperezolmedillo.com\/index.php\/wp-json\/wp\/v2\/media?parent=4357"}],"wp:term":[{"taxonomy":"category","embeddable":true,"href":"https:\/\/soniaperezolmedillo.com\/index.php\/wp-json\/wp\/v2\/categories?post=4357"},{"taxonomy":"post_tag","embeddable":true,"href":"https:\/\/soniaperezolmedillo.com\/index.php\/wp-json\/wp\/v2\/tags?post=4357"}],"curies":[{"name":"wp","href":"https:\/\/api.w.org\/{rel}","templated":true}]}}