{"id":4889,"date":"2026-05-12T20:09:40","date_gmt":"2026-05-12T20:09:40","guid":{"rendered":"https:\/\/soniaperezolmedillo.com\/?p=4889"},"modified":"2026-07-04T22:29:13","modified_gmt":"2026-07-04T22:29:13","slug":"dialogo-la-casa-del-sonido-rne","status":"publish","type":"post","link":"https:\/\/soniaperezolmedillo.com\/index.php\/2026\/05\/12\/dialogo-la-casa-del-sonido-rne\/","title":{"rendered":"Di\u00e1logo con Sonia P\u00e9rez Olmedillo en La Casa del Sonido RNE"},"content":{"rendered":"<p>[vc_row][vc_column][vc_column_text]<strong><span class=\"character\">Cristina Palmese | Jos\u00e9 Luis Carles<\/span><\/strong><\/p>\n<p>La Casa del Sonido es un programa que parte de un inter\u00e9s por los sonidos por los paisajes sonoros cotidianos, a los que apenas prestamos atenci\u00f3n y en este sentido huiremos de la compartimentaci\u00f3n.[\/vc_column_text][vc_column_text]En nuestro programa de hoy nos centramos en\u00a0la\u00a0calle y para hacerlo nos acompa\u00f1a Sonia P\u00e9rez Olmedillo,\u00a0artista esc\u00e9nica cuya pr\u00e1ctica se desarrolla en el cruce entre\u00a0la\u00a0creaci\u00f3n,\u00a0la\u00a0interpretaci\u00f3n y\u00a0la\u00a0investigaci\u00f3n performativa.<\/p>\n<p>Sonia presenta <strong>CUERPO DE CALLE, \u00bfde d\u00f3nde viene el aire?<\/strong> Un proyecto transmedia de investigaci\u00f3n y creaci\u00f3n sobre lo que qued\u00f3 en el cuerpo tras nuestro paso por las calles.\u00a0El proyecto parte de un proceso de investigaci\u00f3n en\u00a0las calles de los distritos de Usera y Chamart\u00edn de Madrid, lo que conforma el universo de\u00a0la\u00a0pieza esc\u00e9nica.[\/vc_column_text][vc_empty_space]<a itemprop=\"url\" href=\"https:\/\/www.rtve.es\/play\/audios\/la-casa-del-sonido\/cuerpo-calle-dialogo-sonia-perez-olmedillo-12-05-26\/17064498\/\" target=\"_blank\" style=\"color: #41d9bd;font-weight: 600\" class=\"eltdf-btn eltdf-btn-medium eltdf-btn-simple eltdf-btn-custom-hover-color\" data-hover-color=\"#41d9bd\" >\n    <span class=\"eltdf-btn-background\" ><\/span>\n    <span class=\"eltdf-btn-text\">\n    \t<span class=\"eltdf-btn-text-plus\">\n    \t<svg version=\"1.1\" xmlns=\"http:\/\/www.w3.org\/2000\/svg\" xmlns:xlink=\"http:\/\/www.w3.org\/1999\/xlink\" x=\"0px\" y=\"0px\"\nwidth=\"9.188px\" height=\"9.203px\" viewBox=\"0 0 9.188 9.203\" enable-background=\"new 0 0 9.188 9.203\" xml:space=\"preserve\">\n<line stroke=\"#000000\" stroke-miterlimit=\"10\" x1=\"4.609\" y1=\"0.125\" x2=\"4.609\" y2=\"9.125\"\/>\n<line stroke=\"#000000\" stroke-miterlimit=\"10\" x1=\"0.109\" y1=\"4.625\" x2=\"9.109\" y2=\"4.625\"\/>\n<\/svg>\n    <\/span>ESCUCHAR EL PROGRAMA<\/span>\n    <\/a>[\/vc_column][\/vc_row]<\/p>\n","protected":false},"excerpt":{"rendered":"<p>[vc_row][vc_column][vc_column_text]Cristina Palmese | Jos\u00e9 Luis Carles La Casa del Sonido es un programa que parte de un inter\u00e9s por los sonidos por los paisajes sonoros cotidianos, a los que apenas prestamos atenci\u00f3n y en este sentido huiremos de la compartimentaci\u00f3n.[\/vc_column_text][vc_column_text]En [&hellip;]<\/p>\n","protected":false},"author":1,"featured_media":0,"comment_status":"open","ping_status":"open","sticky":false,"template":"","format":"standard","meta":[],"categories":[115],"tags":[],"_links":{"self":[{"href":"https:\/\/soniaperezolmedillo.com\/index.php\/wp-json\/wp\/v2\/posts\/4889"}],"collection":[{"href":"https:\/\/soniaperezolmedillo.com\/index.php\/wp-json\/wp\/v2\/posts"}],"about":[{"href":"https:\/\/soniaperezolmedillo.com\/index.php\/wp-json\/wp\/v2\/types\/post"}],"author":[{"embeddable":true,"href":"https:\/\/soniaperezolmedillo.com\/index.php\/wp-json\/wp\/v2\/users\/1"}],"replies":[{"embeddable":true,"href":"https:\/\/soniaperezolmedillo.com\/index.php\/wp-json\/wp\/v2\/comments?post=4889"}],"version-history":[{"count":12,"href":"https:\/\/soniaperezolmedillo.com\/index.php\/wp-json\/wp\/v2\/posts\/4889\/revisions"}],"predecessor-version":[{"id":4901,"href":"https:\/\/soniaperezolmedillo.com\/index.php\/wp-json\/wp\/v2\/posts\/4889\/revisions\/4901"}],"wp:attachment":[{"href":"https:\/\/soniaperezolmedillo.com\/index.php\/wp-json\/wp\/v2\/media?parent=4889"}],"wp:term":[{"taxonomy":"category","embeddable":true,"href":"https:\/\/soniaperezolmedillo.com\/index.php\/wp-json\/wp\/v2\/categories?post=4889"},{"taxonomy":"post_tag","embeddable":true,"href":"https:\/\/soniaperezolmedillo.com\/index.php\/wp-json\/wp\/v2\/tags?post=4889"}],"curies":[{"name":"wp","href":"https:\/\/api.w.org\/{rel}","templated":true}]}}