{"id":4919,"date":"2026-05-12T22:34:43","date_gmt":"2026-05-12T22:34:43","guid":{"rendered":"https:\/\/soniaperezolmedillo.com\/?p=4919"},"modified":"2026-07-04T22:48:10","modified_gmt":"2026-07-04T22:48:10","slug":"dialogo-con-sonia-perez-olmedillo-en-la-casa-del-sonido-rne","status":"publish","type":"post","link":"https:\/\/soniaperezolmedillo.com\/index.php\/2026\/05\/12\/dialogo-con-sonia-perez-olmedillo-en-la-casa-del-sonido-rne\/","title":{"rendered":"Di\u00e1logo con Sonia P\u00e9rez Olmedillo en La Casa del Sonido RNE"},"content":{"rendered":"<div class=\"wpb_text_column wpb_content_element \">\n<div class=\"wpb_wrapper\">\n<p><strong><span class=\"character\">Cristina Palmese | Jos\u00e9 Luis Carles<\/span><\/strong><\/p>\n<p>La Casa del Sonido es un programa que parte de un inter\u00e9s por los sonidos por los paisajes sonoros cotidianos, a los que apenas prestamos atenci\u00f3n y en este sentido huiremos de la compartimentaci\u00f3n.<\/p>\n<\/div>\n<\/div>\n<div class=\"wpb_text_column wpb_content_element \">\n<div class=\"wpb_wrapper\">\n<p>En nuestro programa de hoy nos centramos en\u00a0la\u00a0calle y para hacerlo nos acompa\u00f1a Sonia P\u00e9rez Olmedillo,\u00a0artista esc\u00e9nica cuya pr\u00e1ctica se desarrolla en el cruce entre\u00a0la\u00a0creaci\u00f3n,\u00a0la\u00a0interpretaci\u00f3n y\u00a0la\u00a0investigaci\u00f3n performativa.<\/p>\n<p>Sonia presenta\u00a0<strong>CUERPO DE CALLE, \u00bfde d\u00f3nde viene el aire?<\/strong>\u00a0Un proyecto transmedia de investigaci\u00f3n y creaci\u00f3n sobre lo que qued\u00f3 en el cuerpo tras nuestro paso por las calles.\u00a0El proyecto parte de un proceso de investigaci\u00f3n en\u00a0las calles de los distritos de Usera y Chamart\u00edn de Madrid, lo que conforma el universo de\u00a0la\u00a0pieza esc\u00e9nica.<\/p>\n<\/div>\n<\/div>\n","protected":false},"excerpt":{"rendered":"<p>Cristina Palmese | Jos\u00e9 Luis Carles La Casa del Sonido es un programa que parte de un inter\u00e9s por los sonidos por los paisajes sonoros cotidianos, a los que apenas prestamos atenci\u00f3n y en este sentido huiremos de la compartimentaci\u00f3n. [&hellip;]<\/p>\n","protected":false},"author":1,"featured_media":0,"comment_status":"open","ping_status":"open","sticky":false,"template":"","format":"standard","meta":[],"categories":[258],"tags":[],"_links":{"self":[{"href":"https:\/\/soniaperezolmedillo.com\/index.php\/wp-json\/wp\/v2\/posts\/4919"}],"collection":[{"href":"https:\/\/soniaperezolmedillo.com\/index.php\/wp-json\/wp\/v2\/posts"}],"about":[{"href":"https:\/\/soniaperezolmedillo.com\/index.php\/wp-json\/wp\/v2\/types\/post"}],"author":[{"embeddable":true,"href":"https:\/\/soniaperezolmedillo.com\/index.php\/wp-json\/wp\/v2\/users\/1"}],"replies":[{"embeddable":true,"href":"https:\/\/soniaperezolmedillo.com\/index.php\/wp-json\/wp\/v2\/comments?post=4919"}],"version-history":[{"count":2,"href":"https:\/\/soniaperezolmedillo.com\/index.php\/wp-json\/wp\/v2\/posts\/4919\/revisions"}],"predecessor-version":[{"id":4929,"href":"https:\/\/soniaperezolmedillo.com\/index.php\/wp-json\/wp\/v2\/posts\/4919\/revisions\/4929"}],"wp:attachment":[{"href":"https:\/\/soniaperezolmedillo.com\/index.php\/wp-json\/wp\/v2\/media?parent=4919"}],"wp:term":[{"taxonomy":"category","embeddable":true,"href":"https:\/\/soniaperezolmedillo.com\/index.php\/wp-json\/wp\/v2\/categories?post=4919"},{"taxonomy":"post_tag","embeddable":true,"href":"https:\/\/soniaperezolmedillo.com\/index.php\/wp-json\/wp\/v2\/tags?post=4919"}],"curies":[{"name":"wp","href":"https:\/\/api.w.org\/{rel}","templated":true}]}}